{"id":277,"date":"2018-09-13T09:50:11","date_gmt":"2018-09-13T13:50:11","guid":{"rendered":"https:\/\/courses.bowdoin.edu\/hispanic-studies-2409-fall-2018\/?p=277"},"modified":"2018-09-13T09:50:11","modified_gmt":"2018-09-13T13:50:11","slug":"para-lograr-el-cielo-perspectivas-diferentes","status":"publish","type":"post","link":"https:\/\/courses.bowdoin.edu\/hispanic-studies-2409-fall-2018\/poetry-and-theater\/renacimiento\/para-lograr-el-cielo-perspectivas-diferentes\/","title":{"rendered":"Para lograr el cielo&#8230;. perspectivas diferentes"},"content":{"rendered":"<p>El contraste entre la poes\u00eda de\u00a0<span style=\"font-size: 1rem\">Santa Teresa de \u00c1vila y\u00a0<\/span><span style=\"font-size: 1rem\">Fray Luis de Le\u00f3n me fascina much\u00edsimo, especialmente en t\u00e9rminos de las referencias de la vida y la religi\u00f3n.<\/span><\/p>\n<p><span style=\"font-size: 1rem\">De Avila comienza su poema, &#8220;Vivo sin vivir en mi&#8221;, con esta frase exacta, estableciendo el tono por el resto del poema inmediatamente. En todo el poema, el narrador habla de la infelicidad de vivir, y el deseo de morir. Esta perspectiva se ata al papel prominente de la religi\u00f3n y Dios en la sociedad, y la idea que cuando\u00a0<\/span>alguien su muere, su vida mejora porque entonces puede ser con Dios y darle si mismo a \u00c9l. La frase que me reson\u00f3 la m\u00e1s ocurre en la sexta estrofa. Se escribe, &#8220;S\u00f3lo con la confianza vivir de que he de morir, porque muriendo, el vivir&#8221; (31-33). En este momento, de Avila se refiere a su dificultad personal de vivir, y los motivaciones que tiene para continuar su vida.<\/p>\n<p>Al otro mano, Fray Luis de Le\u00f3n escribe un poema titulado, &#8220;Vida retirada&#8221;, que implica todo el opuesto de que habla de Avila. En el primer verso del poema de de Le\u00f3n, se dice, &#8220;\u00a1Qu\u00e9 descansada vida&#8230;&#8221; (1). \u00a0Y, por fin, \u00e9l escriba, &#8220;Vivir quiero conmigo, gozar quiero del bien que debo al cielo a solas.&#8221; (36-37).<\/p>\n<p>Escribo incre\u00edblemente interesante que la perspectiva de de Avila consiste en el deseo de morir para disfrutar todo que ofrece Dios y el cielo, pero la de de Le\u00f3n consiste en el deseo de <em>vivir\u00a0<\/em>para lograr la misma meta. Es posible que esta diferencia se puede explicar por las experiencias pasadas del ambos poetas. Cuando cuando muri\u00f3, de \u00c1vila cambi\u00f3 todo su vida y esto se refleja en su obra, especialmente relacionado a la idea de morir, ya que ella, en una manera, lo experiment\u00f3. En sus poemas, oigo una voz de enfado sobre el estatus quo y como esto ha afectado su perspectiva sobre la vida. Su experiencia en el convento con otros mujeres que no tienen derechos como si mismo, la hizo convertirse en pesimista \u00a0sobre la vida, y solo interesada en una vida despu\u00e9s, y arriba, d\u00f3nde pod\u00eda ser con Dios y quiz\u00e1s, entender las razones por la calidad mala de vida. Su historia y obra nos ayudan entender como fue la vida de mujeres en esta \u00e9poca y como la religion y compromiso a la religion la afect\u00f3.\u00a0Tambi\u00e9n, le\u00ed este art\u00edculo que me ayuda informar sobre el papel de los g\u00e9neros durante este \u00e9poca y como esto afecta a sus vidas.<\/p>\n<p>http:\/\/www.periodistadigital.com\/religion\/opinion\/2018\/03\/08\/religion-iglesia-opinion-igualdad-hombres-mujeres-jerarquia-marginacion-huelga-dia-internacional-mujer.shtml<\/p>\n<p>Este parte interesa mucho porque relaciona mucho, yo creo, a la situaci\u00f3n de de \u00c1vila: &#8220;LCWR es una asociaci\u00f3n de religiosas de EEUU que agrupa a unas 1500 responsables de todas las \u00f3rdenes de religiosas del pa\u00eds. Tuvieron sus fuertes enfrentamientos con el anterior Papa Benedicto XVI porque las consideraba- entre otras cosas- que ejerc\u00edan un <b>&#8220;feminismo radical&#8221;<\/b>.&#8221;<\/p>\n<p>A pesar de que los dos poetas vivieron durante el mismo tiempo, por de Le\u00f3n, las circunstancias fueron completamente diferente. Creo que su estatus como un hombre puede explicar el tono distinto de los poemas y porque suyos son tan mucho m\u00e1s optimistas. la idea suprema que me interesa fue la idea que gente diferente puede tener tan diferentes perspectivas De Dios y religion, y por eso, tener maneras diferentes para demostrarlas.<\/p>\n","protected":false},"excerpt":{"rendered":"<p>El contraste entre la poes\u00eda de\u00a0Santa Teresa de \u00c1vila y\u00a0Fray Luis de Le\u00f3n me fascina much\u00edsimo, especialmente en t\u00e9rminos de las referencias de la vida y la religi\u00f3n. De Avila comienza su poema, &#8220;Vivo sin vivir en mi&#8221;, con esta frase exacta, estableciendo el tono por el resto del poema inmediatamente. En todo el poema, [&hellip;]<\/p>\n","protected":false},"author":699,"featured_media":0,"comment_status":"closed","ping_status":"closed","sticky":false,"template":"","format":"standard","meta":{"footnotes":""},"categories":[4],"tags":[],"class_list":["post-277","post","type-post","status-publish","format-standard","hentry","category-renacimiento"],"_links":{"self":[{"href":"https:\/\/courses.bowdoin.edu\/hispanic-studies-2409-fall-2018\/wp-json\/wp\/v2\/posts\/277","targetHints":{"allow":["GET"]}}],"collection":[{"href":"https:\/\/courses.bowdoin.edu\/hispanic-studies-2409-fall-2018\/wp-json\/wp\/v2\/posts"}],"about":[{"href":"https:\/\/courses.bowdoin.edu\/hispanic-studies-2409-fall-2018\/wp-json\/wp\/v2\/types\/post"}],"author":[{"embeddable":true,"href":"https:\/\/courses.bowdoin.edu\/hispanic-studies-2409-fall-2018\/wp-json\/wp\/v2\/users\/699"}],"replies":[{"embeddable":true,"href":"https:\/\/courses.bowdoin.edu\/hispanic-studies-2409-fall-2018\/wp-json\/wp\/v2\/comments?post=277"}],"version-history":[{"count":0,"href":"https:\/\/courses.bowdoin.edu\/hispanic-studies-2409-fall-2018\/wp-json\/wp\/v2\/posts\/277\/revisions"}],"wp:attachment":[{"href":"https:\/\/courses.bowdoin.edu\/hispanic-studies-2409-fall-2018\/wp-json\/wp\/v2\/media?parent=277"}],"wp:term":[{"taxonomy":"category","embeddable":true,"href":"https:\/\/courses.bowdoin.edu\/hispanic-studies-2409-fall-2018\/wp-json\/wp\/v2\/categories?post=277"},{"taxonomy":"post_tag","embeddable":true,"href":"https:\/\/courses.bowdoin.edu\/hispanic-studies-2409-fall-2018\/wp-json\/wp\/v2\/tags?post=277"}],"curies":[{"name":"wp","href":"https:\/\/api.w.org\/{rel}","templated":true}]}}