{"id":414,"date":"2018-10-18T11:35:03","date_gmt":"2018-10-18T15:35:03","guid":{"rendered":"https:\/\/courses.bowdoin.edu\/hispanic-studies-2409-fall-2018\/?p=414"},"modified":"2018-10-18T11:35:03","modified_gmt":"2018-10-18T15:35:03","slug":"epigramas-de-samaniego-a-tomas-de-iriarte","status":"publish","type":"post","link":"https:\/\/courses.bowdoin.edu\/hispanic-studies-2409-fall-2018\/poetry-and-theater\/renacimiento\/epigramas-de-samaniego-a-tomas-de-iriarte\/","title":{"rendered":"Epigramas de Samaniego a Tom\u00e1s de Iriarte"},"content":{"rendered":"<p>Me he dado cuenta de que la poes\u00eda de la Ilustraci\u00f3n consista principalmente en f\u00e1bulas. Los epigramas de Samaniego a Tom\u00e1s de Iriarte me interesan mucho por el contenido y tambi\u00e9n la estructura. En el epigrama VIII dice en la \u00faltima l\u00ednea algo sobre &#8220;la santa Inquisici\u00f3n.&#8221; Esto me interesa mucho porque al analizar la historia de Tom\u00e1s de Iriarte dice que fue reprobada por la Inquisici\u00f3n por publicar algo no aprobado por el gobierno. El epigrama entera parece tener un sentido de auto depreciaci\u00f3n. Parece que se habla a si mismo sobre sus obras y que no son\u00a0 apreciados por nadie. Sugiere con la ultima l\u00ednea que por ser prohibidas por la inquisici\u00f3n deber\u00edan tener influencia, pero no lo tengan.<\/p>\n<p>La pr\u00f3xima epigrama que vemos, el IX, refleja mucho lo que me imagino que sea el ambiente de literatura durante esta \u00e9poca. En la segunda l\u00ednea habla sobre algunos poetas cl\u00e1sicos, Horacio y Virgilio, y tambi\u00e9n habla sobre unos Dioses romanos y griegos como Jove\/J\u00fapiter. Me parece que mucha de la ilustraci\u00f3n fue centrada en estos conceptos de la antiguedad\u00a0 romano y griego. De Iriarte dice algo sobre traducir algo, me imagino que quiere decir algo de emoci\u00f3n sin arte. Parece que sin arte, &#8220;nos ponga en disfraz de payos..&#8221; como dice en la \u00faltima l\u00ednea<\/p>\n<p>Ambos epigramas tienen estructura de rima diferentes. El primero tiene algo como a b a y el segundo algo como a bb a a bb a.\u00a0 Esta estructura nos da algo de ritmo y hace que el poema lee m\u00e1s f\u00e1cil y con emoci\u00f3n.<\/p>\n<div id=\"attachment_424\" style=\"width: 235px\" class=\"wp-caption alignnone\"><img loading=\"lazy\" decoding=\"async\" aria-describedby=\"caption-attachment-424\" class=\"wp-image-424 size-medium\" src=\"https:\/\/courses.bowdoin.edu\/hispanic-studies-2409-fall-2018\/wp-content\/uploads\/sites\/244\/2018\/10\/Screen-Shot-2018-10-18-at-11.32.21-AM-225x300.png\" alt=\"\" width=\"225\" height=\"300\" srcset=\"https:\/\/courses.bowdoin.edu\/hispanic-studies-2409-fall-2018\/wp-content\/uploads\/sites\/244\/2018\/10\/Screen-Shot-2018-10-18-at-11.32.21-AM-225x300.png 225w, https:\/\/courses.bowdoin.edu\/hispanic-studies-2409-fall-2018\/wp-content\/uploads\/sites\/244\/2018\/10\/Screen-Shot-2018-10-18-at-11.32.21-AM-113x150.png 113w, https:\/\/courses.bowdoin.edu\/hispanic-studies-2409-fall-2018\/wp-content\/uploads\/sites\/244\/2018\/10\/Screen-Shot-2018-10-18-at-11.32.21-AM.png 229w\" sizes=\"auto, (max-width: 225px) 100vw, 225px\" \/><p id=\"caption-attachment-424\" class=\"wp-caption-text\">El Dios J\u00fapiter https:\/\/simple.wikipedia.org\/wiki\/Jupiter_(mythology)<\/p><\/div>\n<p>&nbsp;<\/p>\n","protected":false},"excerpt":{"rendered":"<p>Me he dado cuenta de que la poes\u00eda de la Ilustraci\u00f3n consista principalmente en f\u00e1bulas. Los epigramas de Samaniego a Tom\u00e1s de Iriarte me interesan mucho por el contenido y tambi\u00e9n la estructura. En el epigrama VIII dice en la \u00faltima l\u00ednea algo sobre &#8220;la santa Inquisici\u00f3n.&#8221; Esto me interesa mucho porque al analizar la [&hellip;]<\/p>\n","protected":false},"author":693,"featured_media":0,"comment_status":"closed","ping_status":"closed","sticky":false,"template":"","format":"standard","meta":{"footnotes":""},"categories":[4],"tags":[],"class_list":["post-414","post","type-post","status-publish","format-standard","hentry","category-renacimiento"],"_links":{"self":[{"href":"https:\/\/courses.bowdoin.edu\/hispanic-studies-2409-fall-2018\/wp-json\/wp\/v2\/posts\/414","targetHints":{"allow":["GET"]}}],"collection":[{"href":"https:\/\/courses.bowdoin.edu\/hispanic-studies-2409-fall-2018\/wp-json\/wp\/v2\/posts"}],"about":[{"href":"https:\/\/courses.bowdoin.edu\/hispanic-studies-2409-fall-2018\/wp-json\/wp\/v2\/types\/post"}],"author":[{"embeddable":true,"href":"https:\/\/courses.bowdoin.edu\/hispanic-studies-2409-fall-2018\/wp-json\/wp\/v2\/users\/693"}],"replies":[{"embeddable":true,"href":"https:\/\/courses.bowdoin.edu\/hispanic-studies-2409-fall-2018\/wp-json\/wp\/v2\/comments?post=414"}],"version-history":[{"count":0,"href":"https:\/\/courses.bowdoin.edu\/hispanic-studies-2409-fall-2018\/wp-json\/wp\/v2\/posts\/414\/revisions"}],"wp:attachment":[{"href":"https:\/\/courses.bowdoin.edu\/hispanic-studies-2409-fall-2018\/wp-json\/wp\/v2\/media?parent=414"}],"wp:term":[{"taxonomy":"category","embeddable":true,"href":"https:\/\/courses.bowdoin.edu\/hispanic-studies-2409-fall-2018\/wp-json\/wp\/v2\/categories?post=414"},{"taxonomy":"post_tag","embeddable":true,"href":"https:\/\/courses.bowdoin.edu\/hispanic-studies-2409-fall-2018\/wp-json\/wp\/v2\/tags?post=414"}],"curies":[{"name":"wp","href":"https:\/\/api.w.org\/{rel}","templated":true}]}}