{"id":500,"date":"2018-11-06T22:13:26","date_gmt":"2018-11-07T03:13:26","guid":{"rendered":"https:\/\/courses.bowdoin.edu\/hispanic-studies-2409-fall-2018\/?p=500"},"modified":"2018-11-06T22:13:26","modified_gmt":"2018-11-07T03:13:26","slug":"las-golondrinas-de-goyena","status":"publish","type":"post","link":"https:\/\/courses.bowdoin.edu\/hispanic-studies-2409-fall-2018\/poetry-and-theater\/las-golondrinas-de-goyena\/","title":{"rendered":"Las golondrinas de Goyena"},"content":{"rendered":"<p><span style=\"font-weight: 400\">Las f\u00e1bulas de Rafael Garc\u00eda Goyena se distinguen de las que hemos le\u00eddo antes porque ponen las historias en un contexto latinoamericano utilizando puntos de referencia que habr\u00edan estado familiarizados con la gente, como Guatemala y Habana en el poema &#8220;Las golondrinas y los barqueros&#8221;. <\/span><\/p>\n<p><span style=\"font-weight: 400\">En el poema, las golondrinas rechazan la oferta de unos barqueros a descansar en su barco, y luego se hunden por el agotamiento mientras los barqueros se r\u00eden de ellas. En el contexto de la \u00e9poca, y sabiendo que Goyena era conocida por satirizando la sistema colonial, las golondrinas se puede ver como met\u00e1foras de Espa\u00f1a. El poema sugiere que la arrogancia de Espa\u00f1a los causar\u00e1 problemas, y que podr\u00edan haber liberado las colonias, pero como quisieron luchar, se pondr\u00e1n m\u00e1s dif\u00edcil y al final todav\u00eda van a perder. <\/span><\/p>\n<p><span style=\"font-weight: 400\">El \u00fanico ave que habla con raz\u00f3n dice &#8220;No nos expongamos\/ a morir ahogadas,\/ si a medio camino las fuerzas nos faltan&#8221;. Aqu\u00ed el ave usa la palabra &#8220;fuerzas&#8221;, como las fuerzas de un ejercicio, y al final las aves alaban, diciendo que &#8220;tenemos de sobra\/para ir de espa\u00f1a&#8221;, creando una relaci\u00f3n entre Espa\u00f1a y Am\u00e9rica Latina. Se entiende que Espa\u00f1a es muy lejos, y tambi\u00e9n se sugiere que debido a que las aves est\u00e1n lejos de su hogar en Guatemala, son ignorantes del lugar, como que el gobierno espa\u00f1ol no entiende sus colonias. <\/span><\/p>\n<p><span style=\"font-weight: 400\">Al final el narrador se dirige al lector diciendo &#8220;Esta fabulilla\/ se llama la Capa,\/ vistala el lector&#8221;. Con esto el narrador le dice al lector que preste atenci\u00f3n, como una pista de que hay una lecci\u00f3n importante m\u00e1s all\u00e1 de la moraleja de las golondrinas.<\/span><\/p>\n<p>&nbsp;<\/p>\n","protected":false},"excerpt":{"rendered":"<p>Las f\u00e1bulas de Rafael Garc\u00eda Goyena se distinguen de las que hemos le\u00eddo antes porque ponen las historias en un contexto latinoamericano utilizando puntos de referencia que habr\u00edan estado familiarizados con la gente, como Guatemala y Habana en el poema &#8220;Las golondrinas y los barqueros&#8221;. En el poema, las golondrinas rechazan la oferta de unos [&hellip;]<\/p>\n","protected":false},"author":722,"featured_media":0,"comment_status":"closed","ping_status":"closed","sticky":false,"template":"","format":"standard","meta":{"footnotes":""},"categories":[1],"tags":[],"class_list":["post-500","post","type-post","status-publish","format-standard","hentry","category-poetry-and-theater"],"_links":{"self":[{"href":"https:\/\/courses.bowdoin.edu\/hispanic-studies-2409-fall-2018\/wp-json\/wp\/v2\/posts\/500","targetHints":{"allow":["GET"]}}],"collection":[{"href":"https:\/\/courses.bowdoin.edu\/hispanic-studies-2409-fall-2018\/wp-json\/wp\/v2\/posts"}],"about":[{"href":"https:\/\/courses.bowdoin.edu\/hispanic-studies-2409-fall-2018\/wp-json\/wp\/v2\/types\/post"}],"author":[{"embeddable":true,"href":"https:\/\/courses.bowdoin.edu\/hispanic-studies-2409-fall-2018\/wp-json\/wp\/v2\/users\/722"}],"replies":[{"embeddable":true,"href":"https:\/\/courses.bowdoin.edu\/hispanic-studies-2409-fall-2018\/wp-json\/wp\/v2\/comments?post=500"}],"version-history":[{"count":0,"href":"https:\/\/courses.bowdoin.edu\/hispanic-studies-2409-fall-2018\/wp-json\/wp\/v2\/posts\/500\/revisions"}],"wp:attachment":[{"href":"https:\/\/courses.bowdoin.edu\/hispanic-studies-2409-fall-2018\/wp-json\/wp\/v2\/media?parent=500"}],"wp:term":[{"taxonomy":"category","embeddable":true,"href":"https:\/\/courses.bowdoin.edu\/hispanic-studies-2409-fall-2018\/wp-json\/wp\/v2\/categories?post=500"},{"taxonomy":"post_tag","embeddable":true,"href":"https:\/\/courses.bowdoin.edu\/hispanic-studies-2409-fall-2018\/wp-json\/wp\/v2\/tags?post=500"}],"curies":[{"name":"wp","href":"https:\/\/api.w.org\/{rel}","templated":true}]}}