{"id":592,"date":"2018-12-04T00:50:27","date_gmt":"2018-12-04T05:50:27","guid":{"rendered":"https:\/\/courses.bowdoin.edu\/hispanic-studies-2409-fall-2018\/?p=592"},"modified":"2018-12-04T00:54:37","modified_gmt":"2018-12-04T05:54:37","slug":"interseccionalidad-y-balada-de-los-dos-abuelos","status":"publish","type":"post","link":"https:\/\/courses.bowdoin.edu\/hispanic-studies-2409-fall-2018\/poetry-and-theater\/el-posmodernismo\/interseccionalidad-y-balada-de-los-dos-abuelos\/","title":{"rendered":"Interseccionalidad y Balada de los dos abuelos"},"content":{"rendered":"<div id=\"attachment_596\" style=\"width: 252px\" class=\"wp-caption alignleft\"><img loading=\"lazy\" decoding=\"async\" aria-describedby=\"caption-attachment-596\" class=\"wp-image-596 size-medium\" src=\"https:\/\/courses.bowdoin.edu\/hispanic-studies-2409-fall-2018\/wp-content\/uploads\/sites\/244\/2018\/12\/Guillen-242x300.jpg\" alt=\"\" width=\"242\" height=\"300\" srcset=\"https:\/\/courses.bowdoin.edu\/hispanic-studies-2409-fall-2018\/wp-content\/uploads\/sites\/244\/2018\/12\/Guillen-242x300.jpg 242w, https:\/\/courses.bowdoin.edu\/hispanic-studies-2409-fall-2018\/wp-content\/uploads\/sites\/244\/2018\/12\/Guillen-121x150.jpg 121w, https:\/\/courses.bowdoin.edu\/hispanic-studies-2409-fall-2018\/wp-content\/uploads\/sites\/244\/2018\/12\/Guillen.jpg 484w\" sizes=\"auto, (max-width: 242px) 100vw, 242px\" \/><p id=\"caption-attachment-596\" class=\"wp-caption-text\">Nicol\u00e1s Guill\u00e9n<\/p><\/div>\n<p><span style=\"font-weight: 400\">El movimiento literario del negrismo busc\u00f3 reconocer la poblaci\u00f3n de origen africano y su sentido en la cultura nacional, y rec\u00edprocamente enriquecer la producci\u00f3n est\u00e9tica con la fecundidad cultural de los esclavos y los descendientes (Poes\u00eda Latinoamericana del Siglo XX). En la balada de los dos abuelos por Nicol\u00e1s Guill\u00e9n, el poeta profesa el mestizaje y las caracter\u00edsticas de sus abuelos, uno espa\u00f1ol y el otro un esclavo africano. <\/span><span style=\"font-weight: 400\">El orador de este poema es un hombre que est\u00e1 tratando de darle sentido a su identidad interseccional dado que en el debate entre su abuelo blanco y su abuelo negro el no sabe con qui\u00e9n identificarse. <\/span><span style=\"font-weight: 400\">El autor enfatiza el sufrimiento de Taita Facundo el abuelo negro por la esclavitud y el racismo <\/span><span style=\"font-weight: 400\">y lo yuxtapone con el privilegio que el abuelo blanco Don Frederick disfruta. El abuelo negro exclama \u201cme muero!\u201d por el sufrimiento que ha pasado como esclavo bajo el dominio de los blancos. Gillen utiliza el recurso literario de repeticion \u201cQu\u00e9 de barcos, qu\u00e9 de negros\u201d para enfatizar cuantos esclavos traen a Europa (Gillen 34). <\/span><span style=\"font-weight: 400\">Para el abuelo negro, la muerte es el \u00fanico descanso eterno por el sufrimient<\/span><span style=\"font-weight: 400\">o que ha experimentado. A lo contrario, el abuelo blanco es ingrato porque \u00a0disfruta del oro y la riqueza pero siempre vive cansado sin reconocer las dificultades que ha sufrido el abuelo negro.<br \/>\n<\/span><\/p>\n<p><span style=\"font-weight: 400\">Aunque los abuelos reconocen sus <\/span><span style=\"font-weight: 400\">diferentes oportunidades de vida como resultado de desigualdades estructurales fuertemente impulsadas por la raza, \u201clos dos gritan, sue\u00f1an, lloran, cantan juntos debajo de las estrellas\u201d (Guillen 61). <\/span><span style=\"font-weight: 400\">El tema es la reconciliaci\u00f3n de las razas porque el yo po\u00e9tico <\/span><span style=\"font-weight: 400\">describe a dos abuelos, separados por raza, reunidos en su nieto mulato quien se da cuenta de que puede conectarse con ambos aspectos de su identidad por la balada de los dos abuelos.<\/span><\/p>\n<p><iframe loading=\"lazy\" title=\"Balada de los Dos Abuelos - Nicol\u00e1s Guill\u00e9n\" width=\"625\" height=\"469\" src=\"https:\/\/www.youtube.com\/embed\/XQZ6sAZ7DlE?feature=oembed\" frameborder=\"0\" allow=\"accelerometer; autoplay; clipboard-write; encrypted-media; gyroscope; picture-in-picture; web-share\" referrerpolicy=\"strict-origin-when-cross-origin\" allowfullscreen><\/iframe><\/p>\n<p>&nbsp;<\/p>\n","protected":false},"excerpt":{"rendered":"<p>El movimiento literario del negrismo busc\u00f3 reconocer la poblaci\u00f3n de origen africano y su sentido en la cultura nacional, y rec\u00edprocamente enriquecer la producci\u00f3n est\u00e9tica con la fecundidad cultural de los esclavos y los descendientes (Poes\u00eda Latinoamericana del Siglo XX). En la balada de los dos abuelos por Nicol\u00e1s Guill\u00e9n, el poeta profesa el mestizaje [&hellip;]<\/p>\n","protected":false},"author":695,"featured_media":0,"comment_status":"closed","ping_status":"closed","sticky":false,"template":"","format":"standard","meta":{"footnotes":""},"categories":[9],"tags":[],"class_list":["post-592","post","type-post","status-publish","format-standard","hentry","category-el-posmodernismo"],"_links":{"self":[{"href":"https:\/\/courses.bowdoin.edu\/hispanic-studies-2409-fall-2018\/wp-json\/wp\/v2\/posts\/592","targetHints":{"allow":["GET"]}}],"collection":[{"href":"https:\/\/courses.bowdoin.edu\/hispanic-studies-2409-fall-2018\/wp-json\/wp\/v2\/posts"}],"about":[{"href":"https:\/\/courses.bowdoin.edu\/hispanic-studies-2409-fall-2018\/wp-json\/wp\/v2\/types\/post"}],"author":[{"embeddable":true,"href":"https:\/\/courses.bowdoin.edu\/hispanic-studies-2409-fall-2018\/wp-json\/wp\/v2\/users\/695"}],"replies":[{"embeddable":true,"href":"https:\/\/courses.bowdoin.edu\/hispanic-studies-2409-fall-2018\/wp-json\/wp\/v2\/comments?post=592"}],"version-history":[{"count":0,"href":"https:\/\/courses.bowdoin.edu\/hispanic-studies-2409-fall-2018\/wp-json\/wp\/v2\/posts\/592\/revisions"}],"wp:attachment":[{"href":"https:\/\/courses.bowdoin.edu\/hispanic-studies-2409-fall-2018\/wp-json\/wp\/v2\/media?parent=592"}],"wp:term":[{"taxonomy":"category","embeddable":true,"href":"https:\/\/courses.bowdoin.edu\/hispanic-studies-2409-fall-2018\/wp-json\/wp\/v2\/categories?post=592"},{"taxonomy":"post_tag","embeddable":true,"href":"https:\/\/courses.bowdoin.edu\/hispanic-studies-2409-fall-2018\/wp-json\/wp\/v2\/tags?post=592"}],"curies":[{"name":"wp","href":"https:\/\/api.w.org\/{rel}","templated":true}]}}