{"id":128,"date":"2018-01-31T22:52:17","date_gmt":"2018-02-01T03:52:17","guid":{"rendered":"https:\/\/courses.bowdoin.edu\/hispanic-studies-2409-spring-2018\/?p=128"},"modified":"2018-01-31T22:52:17","modified_gmt":"2018-02-01T03:52:17","slug":"metafora-de-la-vida-y-la-muerte","status":"publish","type":"post","link":"https:\/\/courses.bowdoin.edu\/hispanic-studies-2409-spring-2018\/la-edad-media-medieval\/metafora-de-la-vida-y-la-muerte\/","title":{"rendered":"Met\u00e1fora de la vida y la muerte"},"content":{"rendered":"<p>Los poemas del siglo\u00a0XV son muy interesantes de leer porque son muy amplios en\u00a0t\u00e9rminos de la amplitud de sus temas. Fue muy poderoso leer el poema &#8220;Coplas por la muerte de su padre&#8221; escrito por Jorge Manrique porque fue de un tema muy emocionante y algo que no es\u00a0f\u00e1cil hablar sobre\u00a0de ninguna manera. Varias veces, poemas son escritas sobre el amor, los partes fant\u00e1sticos y dif\u00edciles del amor. Sin embargo, este poema habla de problemas en la vida que son sobre la p\u00e9rdida de alguien a que amas mucho. Lo que hizo que este\u00a0poema tenga tanta poder para mi, fue el uso del lenguaje de Manrique.\u00a0<span>\u00a0<\/span><\/p>\n<p>El poema\u00a0comienza con mucha tristeza, y el mensaje\u00a0de que la muerte\u00a0puede venir en cualquier momento, y es muy doloroso. Este parte esta escrita en forma muy simple y al punto. Pero, me llama mucho la atenci\u00f3n cuando el autor cambia a usar mucho met\u00e1fora cuando compara la vida y la muerte usando el agua. La estrofa dice, &#8220;Nuestras vidas son los r\u00edos\/ que van a dar en la mar,\/ que es el morir;\/ all\u00ed van los se\u00f1or\u00edos\/ derechos a se acabar\/ y consumir;\/ all\u00ed los r\u00edos caudales,\/ all\u00ed los otros medianos\/ y m\u00e1s chicos,\/ allegados, son iguales\/ los que viven por sus manos\/ y los ricos&#8221;. Pienso que es un mensaje muy poderoso ver la muerte de esta forma, que un r\u00edo\u00a0reuniendo con el mar es como la vida reuniendo con la muerte. Y que estos r\u00edos, aunque todos son diferentes, igual terminan en el mismo lugar. Es decir, no importa quien eres, todos vamos a terminar en el mismo lugar.<span>\u00a0<\/span><\/p>\n","protected":false},"excerpt":{"rendered":"<p>Los poemas del siglo\u00a0XV son muy interesantes de leer porque son muy amplios en\u00a0t\u00e9rminos de la amplitud de sus temas. Fue muy poderoso leer el poema &#8220;Coplas por la muerte de su padre&#8221; escrito por Jorge Manrique porque fue de un tema muy emocionante y algo que no es\u00a0f\u00e1cil hablar sobre\u00a0de ninguna manera. Varias veces, [&hellip;]<\/p>\n","protected":false},"author":568,"featured_media":0,"comment_status":"open","ping_status":"closed","sticky":false,"template":"","format":"standard","meta":{"footnotes":""},"categories":[1],"tags":[],"class_list":["post-128","post","type-post","status-publish","format-standard","hentry","category-la-edad-media-medieval"],"_links":{"self":[{"href":"https:\/\/courses.bowdoin.edu\/hispanic-studies-2409-spring-2018\/wp-json\/wp\/v2\/posts\/128","targetHints":{"allow":["GET"]}}],"collection":[{"href":"https:\/\/courses.bowdoin.edu\/hispanic-studies-2409-spring-2018\/wp-json\/wp\/v2\/posts"}],"about":[{"href":"https:\/\/courses.bowdoin.edu\/hispanic-studies-2409-spring-2018\/wp-json\/wp\/v2\/types\/post"}],"author":[{"embeddable":true,"href":"https:\/\/courses.bowdoin.edu\/hispanic-studies-2409-spring-2018\/wp-json\/wp\/v2\/users\/568"}],"replies":[{"embeddable":true,"href":"https:\/\/courses.bowdoin.edu\/hispanic-studies-2409-spring-2018\/wp-json\/wp\/v2\/comments?post=128"}],"version-history":[{"count":0,"href":"https:\/\/courses.bowdoin.edu\/hispanic-studies-2409-spring-2018\/wp-json\/wp\/v2\/posts\/128\/revisions"}],"wp:attachment":[{"href":"https:\/\/courses.bowdoin.edu\/hispanic-studies-2409-spring-2018\/wp-json\/wp\/v2\/media?parent=128"}],"wp:term":[{"taxonomy":"category","embeddable":true,"href":"https:\/\/courses.bowdoin.edu\/hispanic-studies-2409-spring-2018\/wp-json\/wp\/v2\/categories?post=128"},{"taxonomy":"post_tag","embeddable":true,"href":"https:\/\/courses.bowdoin.edu\/hispanic-studies-2409-spring-2018\/wp-json\/wp\/v2\/tags?post=128"}],"curies":[{"name":"wp","href":"https:\/\/api.w.org\/{rel}","templated":true}]}}