{"id":172,"date":"2018-02-07T20:54:26","date_gmt":"2018-02-08T01:54:26","guid":{"rendered":"https:\/\/courses.bowdoin.edu\/hispanic-studies-2409-spring-2018\/?p=172"},"modified":"2018-02-07T20:54:26","modified_gmt":"2018-02-08T01:54:26","slug":"el-uso-de-color-y-luz","status":"publish","type":"post","link":"https:\/\/courses.bowdoin.edu\/hispanic-studies-2409-spring-2018\/la-edad-media-medieval\/el-uso-de-color-y-luz\/","title":{"rendered":"El uso de color y luz"},"content":{"rendered":"<p>Fue interesante leer los poemas de G\u00f3ngora y Quevedo una despu\u00e9s del otro porque son muy diferentes y \u00fanicas. Es muy adecuado porque G\u00f3ngora y Quevedo fueron personas muy diferentes en como escribieron la poes\u00eda y tambi\u00e9n sus personalidades en general. Voy a enfocar en el Soneto CLXV escrito por G\u00f3ngora porque pienso que fue muy interesante como el usa el lenguaje y adjetivos para retratar el mensaje que quiere. Pienso que el enfoca en el uso de luz y colores para establecer el tono de su poema. Podemos ver el uso de colores cuando usa las palabras \u201crosada\u201d, \u201cblanca\u201d, \u201cblancura\u201d, y \u201cel color\u201d. Y se puede ver el uso de luz cuando usa las palabras, \u201ceclipsado\u201d que es una palabra que tiene que ver con la luna, \u201cclaro d\u00eda\u201d, \u201cnoche obscura\u201d, \u201cnublado\u201d, \u201crubio tesoro\u201d, \u201cla luz\u201d. Es interesante que G\u00f3ngora usa tantos adjetivos que son tan opuestos. Pienso que est\u00e1 jugando con estas palabras para crear \u00e9nfasis en su amante. Tambi\u00e9n algo que me llamo la atenci\u00f3n fue el uso de la \u201cblancura\u201d en este poema. Es un tema en que hemos hablado antes. En esta \u00e9poca todav\u00eda se ve que una mujer con piel m\u00e1s blanca es m\u00e1s bonita. Hoy en d\u00eda no ser\u00eda algo que se ver\u00e1 en los poemas.<\/p>\n","protected":false},"excerpt":{"rendered":"<p>Fue interesante leer los poemas de G\u00f3ngora y Quevedo una despu\u00e9s del otro porque son muy diferentes y \u00fanicas. Es muy adecuado porque G\u00f3ngora y Quevedo fueron personas muy diferentes en como escribieron la poes\u00eda y tambi\u00e9n sus personalidades en general. Voy a enfocar en el Soneto CLXV escrito por G\u00f3ngora porque pienso que fue [&hellip;]<\/p>\n","protected":false},"author":568,"featured_media":0,"comment_status":"open","ping_status":"closed","sticky":false,"template":"","format":"standard","meta":{"footnotes":""},"categories":[1],"tags":[],"class_list":["post-172","post","type-post","status-publish","format-standard","hentry","category-la-edad-media-medieval"],"_links":{"self":[{"href":"https:\/\/courses.bowdoin.edu\/hispanic-studies-2409-spring-2018\/wp-json\/wp\/v2\/posts\/172","targetHints":{"allow":["GET"]}}],"collection":[{"href":"https:\/\/courses.bowdoin.edu\/hispanic-studies-2409-spring-2018\/wp-json\/wp\/v2\/posts"}],"about":[{"href":"https:\/\/courses.bowdoin.edu\/hispanic-studies-2409-spring-2018\/wp-json\/wp\/v2\/types\/post"}],"author":[{"embeddable":true,"href":"https:\/\/courses.bowdoin.edu\/hispanic-studies-2409-spring-2018\/wp-json\/wp\/v2\/users\/568"}],"replies":[{"embeddable":true,"href":"https:\/\/courses.bowdoin.edu\/hispanic-studies-2409-spring-2018\/wp-json\/wp\/v2\/comments?post=172"}],"version-history":[{"count":0,"href":"https:\/\/courses.bowdoin.edu\/hispanic-studies-2409-spring-2018\/wp-json\/wp\/v2\/posts\/172\/revisions"}],"wp:attachment":[{"href":"https:\/\/courses.bowdoin.edu\/hispanic-studies-2409-spring-2018\/wp-json\/wp\/v2\/media?parent=172"}],"wp:term":[{"taxonomy":"category","embeddable":true,"href":"https:\/\/courses.bowdoin.edu\/hispanic-studies-2409-spring-2018\/wp-json\/wp\/v2\/categories?post=172"},{"taxonomy":"post_tag","embeddable":true,"href":"https:\/\/courses.bowdoin.edu\/hispanic-studies-2409-spring-2018\/wp-json\/wp\/v2\/tags?post=172"}],"curies":[{"name":"wp","href":"https:\/\/api.w.org\/{rel}","templated":true}]}}