{"id":256,"date":"2018-03-08T00:08:53","date_gmt":"2018-03-08T05:08:53","guid":{"rendered":"https:\/\/courses.bowdoin.edu\/hispanic-studies-2409-spring-2018\/?p=256"},"modified":"2018-05-14T19:27:42","modified_gmt":"2018-05-14T23:27:42","slug":"comparacion-de-dos-versiones-de-la-lechera","status":"publish","type":"post","link":"https:\/\/courses.bowdoin.edu\/hispanic-studies-2409-spring-2018\/siglo-xviii\/comparacion-de-dos-versiones-de-la-lechera\/","title":{"rendered":"Comparaci\u00f3n de dos versiones de La lechera"},"content":{"rendered":"<p>El fin es el parte m\u00e1s importante en el poema <em>La lechera<\/em> porque las \u00faltimas l\u00edneas expresan la moral del cuento. Pero en versiones diferentes, el fin expresa morales diferentes. Depende del tiempo en que la versi\u00f3n fue escrito, el opini\u00f3n y tono del poeta sobre la lechera y su sue\u00f1o cambian, pero en maneras que se puede interpretar como el opuesto del estilo del tiempo. <\/p>\n<p>Jean de la Fontaine escribi\u00f3 una versi\u00f3n de <em>La lechera<\/em> en 1694, en la era del estilo barroco. \u00c9l termina su versi\u00f3n con las l\u00edneas &#8220;Then lo! a little accident happens to bring me back to my senses, and I am Poor Jack as before.&#8221; Las l\u00edneas finales tienen el sentido de la inevitabilidad y de los sue\u00f1os como ideas tontos. En esta versi\u00f3n, es claro que el sue\u00f1o de la lechera es nada m\u00e1s de una fantas\u00eda mundana. Este fin implica una moral del realismo, pero &#8220;\u00e9nfasis en la raz\u00f3n&#8221; y la realidad como va la cosa son ideas valorosas de la era neoclasicismo, no de la era barroco.<\/p>\n<p>En la versi\u00f3n de <em>La lechera<\/em> por F\u00e9lix Mar\u00eda de Samaniego, que fue escrito en 1781 en la era de neoclasicismo, el poema termina en las l\u00edneas &#8220;No seas ambiciosa\/ de mejor o m\u00e1s pr\u00f3spera fortuna,\/ que vivir\u00e1s ansiosa\/ sin que puede saciarte cosa alguna.\/ No anheles impaciente el bien futuro;\/ mira que ni el presente est\u00e1 seguro.&#8221; En estas l\u00edneas, parece que el poeta explora &#8220;la complejidad de la experiencia y de la psique humana&#8221;- \u00a1pero esto es del estilo de la era anterior, la era barroco! \u00c9l habla del futuro y el concepto del tiempo en una manera m\u00e1s abstracto, con una moral de &#8220;viva en el momento.&#8221; Despu\u00e9s del accidente de la lechera, de Samaniego no enfatizar la imposibilidad de las fantas\u00edas de ella. En lugar de esto, \u00e9l ofrece consejos sobre como un individuo puede vivir una vida de felicidad.<\/p>\n<p>Entonces, hay una mezcla de estilos entre las dos eras. En la misma manera en que se puede interpretar el mismo poema en maneras diferentes, y se puede interpretar una versi\u00f3n del poema como estilos de escritura diferentes tambi\u00e9n.<\/p>\n","protected":false},"excerpt":{"rendered":"<p>El fin es el parte m\u00e1s importante en el poema La lechera porque las \u00faltimas l\u00edneas expresan la moral del cuento. Pero en versiones diferentes, el fin expresa morales diferentes. Depende del tiempo en que la versi\u00f3n fue escrito, el opini\u00f3n y tono del poeta sobre la lechera y su sue\u00f1o cambian, pero en maneras [&hellip;]<\/p>\n","protected":false},"author":528,"featured_media":0,"comment_status":"open","ping_status":"closed","sticky":false,"template":"","format":"standard","meta":{"footnotes":""},"categories":[5],"tags":[],"class_list":["post-256","post","type-post","status-publish","format-standard","hentry","category-siglo-xviii"],"_links":{"self":[{"href":"https:\/\/courses.bowdoin.edu\/hispanic-studies-2409-spring-2018\/wp-json\/wp\/v2\/posts\/256","targetHints":{"allow":["GET"]}}],"collection":[{"href":"https:\/\/courses.bowdoin.edu\/hispanic-studies-2409-spring-2018\/wp-json\/wp\/v2\/posts"}],"about":[{"href":"https:\/\/courses.bowdoin.edu\/hispanic-studies-2409-spring-2018\/wp-json\/wp\/v2\/types\/post"}],"author":[{"embeddable":true,"href":"https:\/\/courses.bowdoin.edu\/hispanic-studies-2409-spring-2018\/wp-json\/wp\/v2\/users\/528"}],"replies":[{"embeddable":true,"href":"https:\/\/courses.bowdoin.edu\/hispanic-studies-2409-spring-2018\/wp-json\/wp\/v2\/comments?post=256"}],"version-history":[{"count":0,"href":"https:\/\/courses.bowdoin.edu\/hispanic-studies-2409-spring-2018\/wp-json\/wp\/v2\/posts\/256\/revisions"}],"wp:attachment":[{"href":"https:\/\/courses.bowdoin.edu\/hispanic-studies-2409-spring-2018\/wp-json\/wp\/v2\/media?parent=256"}],"wp:term":[{"taxonomy":"category","embeddable":true,"href":"https:\/\/courses.bowdoin.edu\/hispanic-studies-2409-spring-2018\/wp-json\/wp\/v2\/categories?post=256"},{"taxonomy":"post_tag","embeddable":true,"href":"https:\/\/courses.bowdoin.edu\/hispanic-studies-2409-spring-2018\/wp-json\/wp\/v2\/tags?post=256"}],"curies":[{"name":"wp","href":"https:\/\/api.w.org\/{rel}","templated":true}]}}