{"id":67,"date":"2018-01-24T19:39:44","date_gmt":"2018-01-25T00:39:44","guid":{"rendered":"https:\/\/courses.bowdoin.edu\/hispanic-studies-2409-spring-2018\/?p=67"},"modified":"2018-01-24T19:39:44","modified_gmt":"2018-01-25T00:39:44","slug":"mi-semestre-en-espana","status":"publish","type":"post","link":"https:\/\/courses.bowdoin.edu\/hispanic-studies-2409-spring-2018\/la-edad-media-medieval\/mi-semestre-en-espana\/","title":{"rendered":"Mi semestre en Espa\u00f1a"},"content":{"rendered":"<p><span style=\"font-weight: 400\">En el oto\u00f1o pasado, yo estudi\u00e9 en Granada, Espa\u00f1a y aprend\u00ed mucho sobre la historia de Espa\u00f1a y al-Andalus, particularmente en mi clase de &#8220;Arte y Arquitectura Isl\u00e1mica.\u201d Cuando yo estuve leyendo estas lecturas para clase, me interesa la informaci\u00f3n sobre la poes\u00eda y lenguas diferentes porque no aprend\u00ed sobre la literatura de al-Andalus, solo el arte y arquitectura. Sin embargo, en mis clases aprend\u00ed mucho sobre los almor\u00e1vides, los almohades, y la influencia de los musulmanes que permanece en Andaluc\u00eda. En mi clase, visitamos muchos sitios importantes, como la mezquita de C\u00f3rdoba, la Alhambra, ba\u00f1os \u00e1rabes, la Catedral de Granada, y m\u00e1s. Nuestras visitas fueron en orden cronol\u00f3gico para ver y observar los cambios arquitect\u00f3nicos con cada imperio diferente. Nuestra \u201cvisita de la ruta mud\u00e9jar\u201d fue uno de mis favoritos porque la influencia directa de la Reconquista fue muy evidente en los edificios. Mud\u00e9jar es un estilo de arte y arquitectura que es una mezcla de la influencia musulmana y la influencia cristiana. Durante y despu\u00e9s de la Reconquista (antes del estilo renacentista era de moda), los cristianos convirtieron edificios musulmanes a edificios cristianos &#8211; a\u00f1adieron sus propias detalles y convirtieron la funci\u00f3n de los espacios. Por ejemplo, muchas mezquitas fueron convertidos a catedrales, as\u00ed que los alminares de las mezquitas fueron convertidos a campanarios. <\/span><\/p>\n<p><span style=\"font-weight: 400\">Adem\u00e1s, con respecto a las lecturas, me interesa el impacto de las lenguas diferentes en palabras, por ejemplo la influencia \u00e1rabe en palabras como zanahoria, alb\u00f3ndigas, ayuntamiento, etc. Pienso que es interesante que todav\u00eda haya elementos como palabras y edificios que demuestran la influencia de al-Andalus en sociedad espa\u00f1ola moderna. Me fascina el origen de las moaxajas es la <\/span><i><span style=\"font-weight: 400\">qasida<\/span><\/i><span style=\"font-weight: 400\">, un \u201cpoema de largos versos organizados en pares en que est\u00e1 escrito el Cor\u00e1n.\u201d Esta cita demuestra la influencia directa de los musulmanes en la poes\u00eda de Espa\u00f1a. Me gusta el poema \u201cPrimera guerra\u201d por Shmuel ha-Naguid (aunque no me gustan las palabras vulgares como \u201cputa repulsiva\u201d) porque me pregunto si \u00e9l se estaba refiriendo a las luchas contra los cristianos (las luchas por fronteras y control de al-Andalus). La primera guerra o lucha se parece como una oportunidad buen\u00edsima econ\u00f3mica y pol\u00edtica, pero con tiempo se parece menos fruct\u00edfera despu\u00e9s de las muertas y la sangre. Me pregunto si estos poemas tienen un ritmo mejor en su lengua original (la lengua que el poeta escogi\u00f3 cuando lo escribi\u00f3). \u00a0<\/span><\/p>\n","protected":false},"excerpt":{"rendered":"<p>En el oto\u00f1o pasado, yo estudi\u00e9 en Granada, Espa\u00f1a y aprend\u00ed mucho sobre la historia de Espa\u00f1a y al-Andalus, particularmente en mi clase de &#8220;Arte y Arquitectura Isl\u00e1mica.\u201d Cuando yo estuve leyendo estas lecturas para clase, me interesa la informaci\u00f3n sobre la poes\u00eda y lenguas diferentes porque no aprend\u00ed sobre la literatura de al-Andalus, solo [&hellip;]<\/p>\n","protected":false},"author":579,"featured_media":0,"comment_status":"closed","ping_status":"closed","sticky":false,"template":"","format":"standard","meta":{"footnotes":""},"categories":[1],"tags":[],"class_list":["post-67","post","type-post","status-publish","format-standard","hentry","category-la-edad-media-medieval"],"_links":{"self":[{"href":"https:\/\/courses.bowdoin.edu\/hispanic-studies-2409-spring-2018\/wp-json\/wp\/v2\/posts\/67","targetHints":{"allow":["GET"]}}],"collection":[{"href":"https:\/\/courses.bowdoin.edu\/hispanic-studies-2409-spring-2018\/wp-json\/wp\/v2\/posts"}],"about":[{"href":"https:\/\/courses.bowdoin.edu\/hispanic-studies-2409-spring-2018\/wp-json\/wp\/v2\/types\/post"}],"author":[{"embeddable":true,"href":"https:\/\/courses.bowdoin.edu\/hispanic-studies-2409-spring-2018\/wp-json\/wp\/v2\/users\/579"}],"replies":[{"embeddable":true,"href":"https:\/\/courses.bowdoin.edu\/hispanic-studies-2409-spring-2018\/wp-json\/wp\/v2\/comments?post=67"}],"version-history":[{"count":0,"href":"https:\/\/courses.bowdoin.edu\/hispanic-studies-2409-spring-2018\/wp-json\/wp\/v2\/posts\/67\/revisions"}],"wp:attachment":[{"href":"https:\/\/courses.bowdoin.edu\/hispanic-studies-2409-spring-2018\/wp-json\/wp\/v2\/media?parent=67"}],"wp:term":[{"taxonomy":"category","embeddable":true,"href":"https:\/\/courses.bowdoin.edu\/hispanic-studies-2409-spring-2018\/wp-json\/wp\/v2\/categories?post=67"},{"taxonomy":"post_tag","embeddable":true,"href":"https:\/\/courses.bowdoin.edu\/hispanic-studies-2409-spring-2018\/wp-json\/wp\/v2\/tags?post=67"}],"curies":[{"name":"wp","href":"https:\/\/api.w.org\/{rel}","templated":true}]}}