{"id":74,"date":"2018-01-24T21:49:49","date_gmt":"2018-01-25T02:49:49","guid":{"rendered":"https:\/\/courses.bowdoin.edu\/hispanic-studies-2409-spring-2018\/?p=74"},"modified":"2018-01-24T21:49:49","modified_gmt":"2018-01-25T02:49:49","slug":"la-edad-media","status":"publish","type":"post","link":"https:\/\/courses.bowdoin.edu\/hispanic-studies-2409-spring-2018\/la-edad-media-medieval\/la-edad-media\/","title":{"rendered":"La Edad Media"},"content":{"rendered":"<p>Creo que el aspecto m\u00e1s interesante de la lectura sobre poetas en la pen\u00ednsula Ib\u00e9rica era la colaboraci\u00f3n entre los musulmanes, cristianas, y jud\u00edos en esferas art\u00edsticas. La superposici\u00f3n de las diferentes idiomas en un poema singular es algo que nunca he visto.<\/p>\n<p>Es interesante ver no solo la intersecci\u00f3n entre las lenguas, pero tambi\u00e9n la intersecci\u00f3n entre la folclore y religiones de las culturas diferentes. La jarcha del poema <em>El Mercader de Sedas de M\u00e1laga\u00a0<\/em>habla de Ibrahim, una profeta com\u00fan del cristianismo, juda\u00edsmo, y islam. La linea &#8220;Se\u00f1or m\u00edo Ibrahim, oh nombre dulce&#8221; tiene sentimientos de familiaridad y ternura pero al mismo tiempo hay un tono de respeto con el t\u00edtulo &#8220;Se\u00f1or&#8221;. Es una combinaci\u00f3n de amor y fe con una figura tanto humano como divino que se puede ver entre los tres religiones conectados. No es sorprendente que esta &#8220;convivencia pac\u00edfica&#8221; culmin\u00f3 en &#8220;la edad de oro&#8221; del poes\u00eda en la pen\u00ednsula Ib\u00e9rica.<\/p>\n","protected":false},"excerpt":{"rendered":"<p>Creo que el aspecto m\u00e1s interesante de la lectura sobre poetas en la pen\u00ednsula Ib\u00e9rica era la colaboraci\u00f3n entre los musulmanes, cristianas, y jud\u00edos en esferas art\u00edsticas. La superposici\u00f3n de las diferentes idiomas en un poema singular es algo que nunca he visto. Es interesante ver no solo la intersecci\u00f3n entre las lenguas, pero tambi\u00e9n [&hellip;]<\/p>\n","protected":false},"author":576,"featured_media":0,"comment_status":"closed","ping_status":"closed","sticky":false,"template":"","format":"standard","meta":{"footnotes":""},"categories":[1],"tags":[],"class_list":["post-74","post","type-post","status-publish","format-standard","hentry","category-la-edad-media-medieval"],"_links":{"self":[{"href":"https:\/\/courses.bowdoin.edu\/hispanic-studies-2409-spring-2018\/wp-json\/wp\/v2\/posts\/74","targetHints":{"allow":["GET"]}}],"collection":[{"href":"https:\/\/courses.bowdoin.edu\/hispanic-studies-2409-spring-2018\/wp-json\/wp\/v2\/posts"}],"about":[{"href":"https:\/\/courses.bowdoin.edu\/hispanic-studies-2409-spring-2018\/wp-json\/wp\/v2\/types\/post"}],"author":[{"embeddable":true,"href":"https:\/\/courses.bowdoin.edu\/hispanic-studies-2409-spring-2018\/wp-json\/wp\/v2\/users\/576"}],"replies":[{"embeddable":true,"href":"https:\/\/courses.bowdoin.edu\/hispanic-studies-2409-spring-2018\/wp-json\/wp\/v2\/comments?post=74"}],"version-history":[{"count":0,"href":"https:\/\/courses.bowdoin.edu\/hispanic-studies-2409-spring-2018\/wp-json\/wp\/v2\/posts\/74\/revisions"}],"wp:attachment":[{"href":"https:\/\/courses.bowdoin.edu\/hispanic-studies-2409-spring-2018\/wp-json\/wp\/v2\/media?parent=74"}],"wp:term":[{"taxonomy":"category","embeddable":true,"href":"https:\/\/courses.bowdoin.edu\/hispanic-studies-2409-spring-2018\/wp-json\/wp\/v2\/categories?post=74"},{"taxonomy":"post_tag","embeddable":true,"href":"https:\/\/courses.bowdoin.edu\/hispanic-studies-2409-spring-2018\/wp-json\/wp\/v2\/tags?post=74"}],"curies":[{"name":"wp","href":"https:\/\/api.w.org\/{rel}","templated":true}]}}