{"id":285,"date":"2018-07-24T20:53:01","date_gmt":"2018-07-24T20:53:01","guid":{"rendered":"https:\/\/courses.bowdoin.edu\/ladepanneuse\/?p=285"},"modified":"2018-08-02T13:58:18","modified_gmt":"2018-08-02T13:58:18","slug":"adjectifs-possessifs","status":"publish","type":"post","link":"https:\/\/courses.bowdoin.edu\/ladepanneuse\/2018\/07\/24\/adjectifs-possessifs\/","title":{"rendered":"Adjectifs possessifs"},"content":{"rendered":"<p>Comme tout adjectif, les adjectifs possessifs s&#8217;accordent avec le nom en genre et en nombre.<\/p>\n<p>singulier, nom masculin<br \/>\nou avant un nom f\u00e9minin commen\u00e7ant par une voyelle<\/p>\n<ul>\n<li><span style=\"font-size: 1rem\">mon <\/span><\/li>\n<li><span style=\"font-size: 1rem\">ton <\/span><\/li>\n<li><span style=\"font-size: 1rem\">son <\/span><\/li>\n<li><span style=\"font-size: 1rem\">notre <\/span><\/li>\n<li><span style=\"font-size: 1rem\">votre <\/span><\/li>\n<li><span style=\"font-size: 1rem\">leur<\/span><\/li>\n<\/ul>\n<p>singulier, nom f\u00e9minin<\/p>\n<ul>\n<li>ma<\/li>\n<li>ta<\/li>\n<li>sa<\/li>\n<li>notre<\/li>\n<li>votre<\/li>\n<li>leur<\/li>\n<\/ul>\n<p>pluriel masculin ou f\u00e9minin<\/p>\n<ul>\n<li>mes<\/li>\n<li>tes<\/li>\n<li>ses<\/li>\n<li>nos<\/li>\n<li>vos<\/li>\n<li>leurs<\/li>\n<\/ul>\n","protected":false},"excerpt":{"rendered":"<p>Comme tout adjectif, les adjectifs possessifs s&#8217;accordent avec le nom en genre et en nombre. singulier, nom masculin ou avant un nom f\u00e9minin commen\u00e7ant par une voyelle mon ton son notre votre leur singulier, nom f\u00e9minin ma ta sa notre votre leur pluriel masculin ou f\u00e9minin mes tes ses nos vos leurs<\/p>\n","protected":false},"author":680,"featured_media":0,"comment_status":"closed","ping_status":"closed","sticky":false,"template":"","format":"standard","meta":{"footnotes":""},"categories":[32,240],"tags":[57,51,49,83],"class_list":["post-285","post","type-post","status-publish","format-standard","hentry","category-abverbes-et-adjectifs","category-possessifs","tag-accord","tag-adjectifs","tag-pluriel","tag-possessifs"],"_links":{"self":[{"href":"https:\/\/courses.bowdoin.edu\/ladepanneuse\/wp-json\/wp\/v2\/posts\/285","targetHints":{"allow":["GET"]}}],"collection":[{"href":"https:\/\/courses.bowdoin.edu\/ladepanneuse\/wp-json\/wp\/v2\/posts"}],"about":[{"href":"https:\/\/courses.bowdoin.edu\/ladepanneuse\/wp-json\/wp\/v2\/types\/post"}],"author":[{"embeddable":true,"href":"https:\/\/courses.bowdoin.edu\/ladepanneuse\/wp-json\/wp\/v2\/users\/680"}],"replies":[{"embeddable":true,"href":"https:\/\/courses.bowdoin.edu\/ladepanneuse\/wp-json\/wp\/v2\/comments?post=285"}],"version-history":[{"count":0,"href":"https:\/\/courses.bowdoin.edu\/ladepanneuse\/wp-json\/wp\/v2\/posts\/285\/revisions"}],"wp:attachment":[{"href":"https:\/\/courses.bowdoin.edu\/ladepanneuse\/wp-json\/wp\/v2\/media?parent=285"}],"wp:term":[{"taxonomy":"category","embeddable":true,"href":"https:\/\/courses.bowdoin.edu\/ladepanneuse\/wp-json\/wp\/v2\/categories?post=285"},{"taxonomy":"post_tag","embeddable":true,"href":"https:\/\/courses.bowdoin.edu\/ladepanneuse\/wp-json\/wp\/v2\/tags?post=285"}],"curies":[{"name":"wp","href":"https:\/\/api.w.org\/{rel}","templated":true}]}}