{"id":653,"date":"2018-07-24T16:03:15","date_gmt":"2018-07-24T16:03:15","guid":{"rendered":"https:\/\/courses.bowdoin.edu\/ladepanneuse\/?p=653"},"modified":"2018-07-26T23:04:00","modified_gmt":"2018-07-26T23:04:00","slug":"infintif-passe","status":"publish","type":"post","link":"https:\/\/courses.bowdoin.edu\/ladepanneuse\/2018\/07\/24\/infintif-passe\/","title":{"rendered":"Infintif pass\u00e9"},"content":{"rendered":"<p>L&#8217;infinitif pass\u00e9 est utilis\u00e9 avec \u00ab apr\u00e8s \u00bb et \u00ab avant \u00bb quand le sujet du verbe principal est le m\u00eame que la relative<\/p>\n<p>\u00ab avoir \u00bb ou \u00ab \u00eatre \u00bb \u00e0 l\u2019infinitif + participe pass\u00e9 du verbe appropri\u00e9 :<\/p>\n<p>Exemples:<\/p>\n<ul>\n<li>Apr\u00e8s avoir dit \u00ab au revoir \u00bb \u00e0 son ami, il est parti.<\/li>\n<li>Avant d\u2019\u00eatre tomb\u00e9e dans l\u2019escalier, elle \u00e9tait une gymnaste fameuse.<\/li>\n<\/ul>\n<p>Note: quand les deux sujets sont diff\u00e9rents, on n&#8217;emploie pas le mode infinitif:<br \/>\nApr\u00e8s que <strong>tu<\/strong> as mang\u00e9, <strong>je<\/strong> suis all\u00e9 voir mon ami Max (2 sujets diff\u00e9rents)<br \/>\nApr\u00e8s avoir mang\u00e9, <strong>je<\/strong> suis all\u00e9 voir mon ami Max\u00a0 (2 fois m\u00eame sujet)<\/p>\n","protected":false},"excerpt":{"rendered":"<p>L&#8217;infinitif pass\u00e9 est utilis\u00e9 avec \u00ab apr\u00e8s \u00bb et \u00ab avant \u00bb quand le sujet du verbe principal est le m\u00eame que la relative \u00ab avoir \u00bb ou \u00ab \u00eatre \u00bb \u00e0 l\u2019infinitif + participe pass\u00e9 du verbe appropri\u00e9 : Exemples: Apr\u00e8s avoir dit \u00ab au revoir \u00bb \u00e0 son ami, il est parti. Avant [&hellip;]<\/p>\n","protected":false},"author":683,"featured_media":0,"comment_status":"closed","ping_status":"closed","sticky":false,"template":"","format":"standard","meta":{"footnotes":""},"categories":[33],"tags":[42,199,44,200,45],"class_list":["post-653","post","type-post","status-publish","format-standard","hentry","category-infinitifs","tag-conjugaison","tag-infinitif","tag-participe","tag-participe-passe","tag-passe"],"_links":{"self":[{"href":"https:\/\/courses.bowdoin.edu\/ladepanneuse\/wp-json\/wp\/v2\/posts\/653","targetHints":{"allow":["GET"]}}],"collection":[{"href":"https:\/\/courses.bowdoin.edu\/ladepanneuse\/wp-json\/wp\/v2\/posts"}],"about":[{"href":"https:\/\/courses.bowdoin.edu\/ladepanneuse\/wp-json\/wp\/v2\/types\/post"}],"author":[{"embeddable":true,"href":"https:\/\/courses.bowdoin.edu\/ladepanneuse\/wp-json\/wp\/v2\/users\/683"}],"replies":[{"embeddable":true,"href":"https:\/\/courses.bowdoin.edu\/ladepanneuse\/wp-json\/wp\/v2\/comments?post=653"}],"version-history":[{"count":0,"href":"https:\/\/courses.bowdoin.edu\/ladepanneuse\/wp-json\/wp\/v2\/posts\/653\/revisions"}],"wp:attachment":[{"href":"https:\/\/courses.bowdoin.edu\/ladepanneuse\/wp-json\/wp\/v2\/media?parent=653"}],"wp:term":[{"taxonomy":"category","embeddable":true,"href":"https:\/\/courses.bowdoin.edu\/ladepanneuse\/wp-json\/wp\/v2\/categories?post=653"},{"taxonomy":"post_tag","embeddable":true,"href":"https:\/\/courses.bowdoin.edu\/ladepanneuse\/wp-json\/wp\/v2\/tags?post=653"}],"curies":[{"name":"wp","href":"https:\/\/api.w.org\/{rel}","templated":true}]}}