{"id":774,"date":"2018-07-30T15:11:38","date_gmt":"2018-07-30T15:11:38","guid":{"rendered":"https:\/\/courses.bowdoin.edu\/ladepanneuse\/?p=774"},"modified":"2018-07-30T15:11:38","modified_gmt":"2018-07-30T15:11:38","slug":"citations","status":"publish","type":"post","link":"https:\/\/courses.bowdoin.edu\/ladepanneuse\/2018\/07\/30\/citations\/","title":{"rendered":"Citations"},"content":{"rendered":"<p><strong>Travaillez \u00e0 la meilleure incorporation des citations dans votre prose<\/strong><\/p>\n<ul>\n<li>Les citations ne parlent pas pour elles-m\u00eames. Pr\u00e9sentez votre citation pour qu\u2019on sache comment elle va soutenir ton argument et\/ou qui parle, etc. Elles ne devraient jamais remplacer votre voix argumentative.<\/li>\n<li>Essayez d\u2019incorporer les citations dans votre prose de fa\u00e7on la plus \u00e9l\u00e9gante possible. Soyez s\u00fbr \u00e9galement de les incorporer dans la grammaire de votre phrase, en faisant les changements n\u00e9cessaires. Indiquez les changements dans toute citation du texte entre [ ].<\/li>\n<li>M\u00eame quand vous ne citez pas le texte dans votre texte (quand vous paraphrasez ou faites r\u00e9f\u00e9rence \u00e0 un certain passage), indiquez la r\u00e9f\u00e9rence textuelle.<\/li>\n<li>Les citations en bloc devraient \u00eatre \u00e0 interligne simple et sans guillemets (voir Quick Guide du style MLA disponible sur Blackboard).<\/li>\n<\/ul>\n","protected":false},"excerpt":{"rendered":"<p>Travaillez \u00e0 la meilleure incorporation des citations dans votre prose Les citations ne parlent pas pour elles-m\u00eames. Pr\u00e9sentez votre citation pour qu\u2019on sache comment elle va soutenir ton argument et\/ou qui parle, etc. Elles ne devraient jamais remplacer votre voix argumentative. Essayez d\u2019incorporer les citations dans votre prose de fa\u00e7on la plus \u00e9l\u00e9gante possible. Soyez [&hellip;]<\/p>\n","protected":false},"author":680,"featured_media":0,"comment_status":"closed","ping_status":"closed","sticky":false,"template":"","format":"standard","meta":{"footnotes":""},"categories":[27],"tags":[226,36,84],"class_list":["post-774","post","type-post","status-publish","format-standard","hentry","category-conventions-et-conseils-de-style","tag-citations","tag-ecriture","tag-structure-des-phrases"],"_links":{"self":[{"href":"https:\/\/courses.bowdoin.edu\/ladepanneuse\/wp-json\/wp\/v2\/posts\/774","targetHints":{"allow":["GET"]}}],"collection":[{"href":"https:\/\/courses.bowdoin.edu\/ladepanneuse\/wp-json\/wp\/v2\/posts"}],"about":[{"href":"https:\/\/courses.bowdoin.edu\/ladepanneuse\/wp-json\/wp\/v2\/types\/post"}],"author":[{"embeddable":true,"href":"https:\/\/courses.bowdoin.edu\/ladepanneuse\/wp-json\/wp\/v2\/users\/680"}],"replies":[{"embeddable":true,"href":"https:\/\/courses.bowdoin.edu\/ladepanneuse\/wp-json\/wp\/v2\/comments?post=774"}],"version-history":[{"count":0,"href":"https:\/\/courses.bowdoin.edu\/ladepanneuse\/wp-json\/wp\/v2\/posts\/774\/revisions"}],"wp:attachment":[{"href":"https:\/\/courses.bowdoin.edu\/ladepanneuse\/wp-json\/wp\/v2\/media?parent=774"}],"wp:term":[{"taxonomy":"category","embeddable":true,"href":"https:\/\/courses.bowdoin.edu\/ladepanneuse\/wp-json\/wp\/v2\/categories?post=774"},{"taxonomy":"post_tag","embeddable":true,"href":"https:\/\/courses.bowdoin.edu\/ladepanneuse\/wp-json\/wp\/v2\/tags?post=774"}],"curies":[{"name":"wp","href":"https:\/\/api.w.org\/{rel}","templated":true}]}}