{"id":786,"date":"2018-07-31T13:30:13","date_gmt":"2018-07-31T13:30:13","guid":{"rendered":"https:\/\/courses.bowdoin.edu\/ladepanneuse\/?p=786"},"modified":"2019-04-23T15:56:29","modified_gmt":"2019-04-23T15:56:29","slug":"pronoms-relatifs","status":"publish","type":"post","link":"https:\/\/courses.bowdoin.edu\/ladepanneuse\/2018\/07\/31\/pronoms-relatifs\/","title":{"rendered":"Pronoms relatifs"},"content":{"rendered":"<p>Les pronoms relatifs sont utilis\u00e9 pour <em>sp\u00e9cifier<\/em> ou <em>qualifier<\/em> une action ou un nom qui est d\u00e9j\u00e0 en contexte.<\/p>\n<p>qui \/ ce qui<\/p>\n<ul>\n<li>Ex.: C&#8217;est l&#8217;homme avec\u00a0<strong>qui<\/strong> j&#8217;ai dans\u00e9 hier.<\/li>\n<\/ul>\n<p>que \/ ce que<\/p>\n<ul>\n<li>Ex: Je ne me rappelle plus\u00a0<strong>ce que\u00a0<\/strong>le professeur m&#8217;a dit.<\/li>\n<\/ul>\n<p>dont \/ ce dont<\/p>\n<ul>\n<li>Ex: Dans le livre\u00a0<strong>dont<\/strong> nous avons lu, le personnage principal gagne le tournoi.<\/li>\n<\/ul>\n<p>o\u00f9<\/p>\n<ul>\n<li>Ex: C&#8217;est la salle\u00a0<strong>o\u00f9\u00a0<\/strong>j&#8217;ai mon cours de fran\u00e7ais.<\/li>\n<\/ul>\n","protected":false},"excerpt":{"rendered":"<p>Les pronoms relatifs sont utilis\u00e9 pour sp\u00e9cifier ou qualifier une action ou un nom qui est d\u00e9j\u00e0 en contexte. qui \/ ce qui Ex.: C&#8217;est l&#8217;homme avec\u00a0qui j&#8217;ai dans\u00e9 hier. que \/ ce que Ex: Je ne me rappelle plus\u00a0ce que\u00a0le professeur m&#8217;a dit. dont \/ ce dont Ex: Dans le livre\u00a0dont nous avons lu, [&hellip;]<\/p>\n","protected":false},"author":680,"featured_media":0,"comment_status":"closed","ping_status":"closed","sticky":false,"template":"","format":"standard","meta":{"footnotes":""},"categories":[227,23,233],"tags":[36],"class_list":["post-786","post","type-post","status-publish","format-standard","hentry","category-mots-liens-et-expressions","category-pronoms","category-pronoms-relatifs","tag-ecriture"],"_links":{"self":[{"href":"https:\/\/courses.bowdoin.edu\/ladepanneuse\/wp-json\/wp\/v2\/posts\/786","targetHints":{"allow":["GET"]}}],"collection":[{"href":"https:\/\/courses.bowdoin.edu\/ladepanneuse\/wp-json\/wp\/v2\/posts"}],"about":[{"href":"https:\/\/courses.bowdoin.edu\/ladepanneuse\/wp-json\/wp\/v2\/types\/post"}],"author":[{"embeddable":true,"href":"https:\/\/courses.bowdoin.edu\/ladepanneuse\/wp-json\/wp\/v2\/users\/680"}],"replies":[{"embeddable":true,"href":"https:\/\/courses.bowdoin.edu\/ladepanneuse\/wp-json\/wp\/v2\/comments?post=786"}],"version-history":[{"count":0,"href":"https:\/\/courses.bowdoin.edu\/ladepanneuse\/wp-json\/wp\/v2\/posts\/786\/revisions"}],"wp:attachment":[{"href":"https:\/\/courses.bowdoin.edu\/ladepanneuse\/wp-json\/wp\/v2\/media?parent=786"}],"wp:term":[{"taxonomy":"category","embeddable":true,"href":"https:\/\/courses.bowdoin.edu\/ladepanneuse\/wp-json\/wp\/v2\/categories?post=786"},{"taxonomy":"post_tag","embeddable":true,"href":"https:\/\/courses.bowdoin.edu\/ladepanneuse\/wp-json\/wp\/v2\/tags?post=786"}],"curies":[{"name":"wp","href":"https:\/\/api.w.org\/{rel}","templated":true}]}}